[{"@context":"https:\/\/schema.org\/","@type":"Article","@id":"https:\/\/www.cartrim.cz\/politika-a-lide\/#Article","mainEntityOfPage":"https:\/\/www.cartrim.cz\/politika-a-lide\/","headline":"Politika a lid\u00e9","name":"Politika a lid\u00e9","description":"Pokud je t\u00e9ma, na kter\u00e9m se v\u011bt\u0161ina lid\u00ed neshodne, pak je to t\u00e9ma t\u00fdkaj\u00edc\u00ed se politiky. Pr\u00e1v\u011b z\u00a0toho d\u016fvodu lid\u00e9 nemaj\u00ed r\u00e1di, pokud se tohle t\u00e9ma vytahuje nap\u0159\u00edklad na rodinn\u00fdch oslav\u00e1ch. Je to pochopiteln\u00e9, proto\u017ee oslavy maj\u00ed b\u00fdt od toho, aby se slavily narozeniny dan\u00e9ho \u010dlov\u011bka a ne o tom, aby se prob\u00edrala politika, kter\u00e1...","datePublished":"2021-12-23","dateModified":"2023-05-19","author":{"@type":"Person","@id":"https:\/\/www.cartrim.cz\/author\/#Person","name":"","url":"https:\/\/www.cartrim.cz\/author\/","identifier":1,"image":{"@type":"ImageObject","@id":"https:\/\/secure.gravatar.com\/avatar\/53c590fdd1ec24ee297a15a00a0829b5191e9163e4cc5dbbee20ed40fcc30ad9?s=96&d=mm&r=g","url":"https:\/\/secure.gravatar.com\/avatar\/53c590fdd1ec24ee297a15a00a0829b5191e9163e4cc5dbbee20ed40fcc30ad9?s=96&d=mm&r=g","height":96,"width":96}},"publisher":{"@type":"Organization","name":"cartrim.cz","logo":{"@type":"ImageObject","@id":"\/logo.png","url":"\/logo.png","width":600,"height":60}},"image":{"@type":"ImageObject","@id":"https:\/\/www.cartrim.cz\/wp-content\/uploads\/nejnov%C4%9Bj%C5%A1%C3%AD%20data.JPG","url":"https:\/\/www.cartrim.cz\/wp-content\/uploads\/nejnov%C4%9Bj%C5%A1%C3%AD%20data.JPG","height":0,"width":0},"url":"https:\/\/www.cartrim.cz\/politika-a-lide\/","about":["Politika"],"wordCount":488,"articleBody":"Pokud je t\u00e9ma, na kter\u00e9m se v\u011bt\u0161ina lid\u00ed neshodne, pak je to t\u00e9ma t\u00fdkaj\u00edc\u00ed se politiky. Pr\u00e1v\u011b z\u00a0toho d\u016fvodu lid\u00e9 nemaj\u00ed r\u00e1di, pokud se tohle t\u00e9ma vytahuje nap\u0159\u00edklad na rodinn\u00fdch oslav\u00e1ch. Je to pochopiteln\u00e9, proto\u017ee oslavy maj\u00ed b\u00fdt od toho, aby se slavily narozeniny dan\u00e9ho \u010dlov\u011bka a ne o tom, aby se prob\u00edrala politika, kter\u00e1 nem\u00e1 s\u00a0dan\u00fdmi narozeninami nic spole\u010dn\u00e9ho.Pokud cht\u011bj\u00ed dva lid\u00e9 \u0159e\u0161it v\u011bci ohledn\u011b politiky, m\u011bli by je \u0159e\u0161it sami a n\u011bkde jinde, ne\u017e pr\u00e1v\u011b na rodinn\u00fdch akc\u00edch.Ka\u017ed\u00fd \u010dlov\u011bk m\u00e1 na n\u011bco takov\u00e9ho sv\u016fj n\u00e1zor a nen\u00ed dobr\u00e9, pokud se sna\u017e\u00edte dan\u00e9mu \u010dlov\u011bku jeho n\u00e1zor vyvr\u00e1tit. Ka\u017ed\u00fd z\u00a0n\u00e1s se na ur\u010dit\u00e9 v\u011bci d\u00edv\u00e1 jinak a pokud se pokus\u00edte j\u00edt a\u017e p\u0159\u00edli\u0161 do hloubky, m\u016f\u017ee se st\u00e1t, \u017ee se z\u00a0n\u011b\u010deho takov\u00e9ho vyklube h\u00e1dka, kter\u00e1 v\u00e1s rozh\u00e1d\u00e1 natolik, \u017ee spolu ji\u017e nikdy nebudete cht\u00edt mluvit.Jestli\u017ee se v\u00e1\u0161 n\u00e1zor a\u017e p\u0159\u00edli\u0161 li\u0161\u00ed od n\u00e1zoru \u010dlov\u011bka, se kter\u00fdm o n\u011b\u010dem takov\u00e9m vedete konverzaci, m\u011bli byste to rad\u011bji nechat b\u00fdt. Je mnoho jin\u00fdch a skv\u011bl\u00fdch t\u00e9mat, o kter\u00fdch se d\u00e1 bavit. Vynechejte rad\u011bji politiku, proto\u017ee d\u011blat zbyte\u010dn\u011b ohe\u0148 na st\u0159e\u0161e nen\u00ed dobr\u00e9.Jsou lid\u00e9, kte\u0159\u00ed velmi r\u00e1di n\u011bkter\u00fdmi t\u00e9maty provokuj\u00ed. P\u0159\u00edkladem je i t\u00e9ma t\u00fdkaj\u00edc\u00ed se pr\u00e1v\u011b politiky. Tito lid\u00e9 by se nad sebou m\u011bli zamyslet, proto\u017ee pokud dan\u00e9 t\u00e9ma vyt\u00e1hnout nap\u0159\u00edklad na rodinn\u00e9 akci, mohou t\u00edm dos\u00e1hnout toho, \u017ee lid\u00e9 na danou akci nebudou vzpom\u00ednat v\u00a0dobr\u00e9m, co\u017e by rozhodn\u011b m\u011bli a to zejm\u00e9na, pokud se jedn\u00e1 o narozeniny jednoho ze \u010dlen\u016f rodiny.Ka\u017ed\u00fd z\u00a0n\u00e1s se d\u00edv\u00e1 na v\u011bci jinak. Pokud m\u00e1 n\u011bkdo v\u00a0sob\u011b n\u011bco zako\u0159en\u011bno, jen velmi t\u011b\u017eko to zm\u011bn\u00edte a to i p\u0159esto, \u017ee byste se sebev\u00edc sna\u017eili.Jestli\u017ee je \u010dlov\u011bk, do kter\u00e9ho se lid\u00e9, kte\u0159\u00ed se o politiku zaj\u00edmaj\u00ed ka\u017ed\u00fd den, setkaj\u00ed s\u00a0\u010dlov\u011bkem, kter\u00fd n\u011bco takov\u00e9ho v\u016fbec nesleduje, semknou se a \u00fato\u010d\u00ed na dan\u00e9ho \u010dlov\u011bka. Je pot\u0159eba si uv\u011bdomit, \u017ee ka\u017ed\u00fd z\u00a0n\u00e1s m\u00e1 jin\u00e9 z\u00e1jmy a ka\u017ed\u00e9ho zaj\u00edm\u00e1 n\u011bco jin\u00e9ho.Nikdo si nezaslou\u017e\u00ed b\u00fdt na\u0159knut n\u011bk\u00fdm jin\u00fdm jen proto, \u017ee m\u00e1 zcela jin\u00e9 z\u00e1jmy a o n\u011bkter\u00e9 v\u011bci se nezaj\u00edm\u00e1.                                                                                                                                                                                                                                                                                                                                                                                        4.4\/5 - (12 votes)        "},{"@context":"https:\/\/schema.org\/","@type":"BreadcrumbList","itemListElement":[{"@type":"ListItem","position":1,"name":"Politika a lid\u00e9","item":"https:\/\/www.cartrim.cz\/politika-a-lide\/#breadcrumbitem"}]}]