[{"@context":"https:\/\/schema.org\/","@type":"Article","@id":"https:\/\/www.cartrim.cz\/mame-vlastni-sklad-toneru\/#Article","mainEntityOfPage":"https:\/\/www.cartrim.cz\/mame-vlastni-sklad-toneru\/","headline":"M\u00e1me vlastn\u00ed sklad toner\u016f","name":"M\u00e1me vlastn\u00ed sklad toner\u016f","description":"Toner je nezbytnou sou\u010d\u00e1st\u00ed ka\u017ed\u00e9 tisk\u00e1rny, bez n\u011bj nelze tisk\u00e1rnu provozovat a tisknout to, co pot\u0159ebujete. Jde toti\u017e o tiskov\u00fd prach, d\u00edky kter\u00e9mu je na pap\u00edr zv\u011b\u010dn\u011bno to, co po\u017eadujete. Pokud pot\u0159ebujete n\u00e1hradn\u00ed n\u00e1pl\u0148, pak jsme tou spr\u00e1vnou prodejnou, kde najdete to, co hled\u00e1te. Nab\u00edz\u00edme v\u00e1m \u0161irok\u00fd v\u00fdb\u011br, tak\u017ee mo\u017enosti m\u00e1te tak\u0159ka neomezen\u00e9 a nez\u00e1le\u017e\u00ed...","datePublished":"2025-04-25","dateModified":"2025-04-25","author":{"@type":"Person","@id":"https:\/\/www.cartrim.cz\/author\/#Person","name":"","url":"https:\/\/www.cartrim.cz\/author\/","identifier":1,"image":{"@type":"ImageObject","@id":"https:\/\/secure.gravatar.com\/avatar\/53c590fdd1ec24ee297a15a00a0829b5191e9163e4cc5dbbee20ed40fcc30ad9?s=96&d=mm&r=g","url":"https:\/\/secure.gravatar.com\/avatar\/53c590fdd1ec24ee297a15a00a0829b5191e9163e4cc5dbbee20ed40fcc30ad9?s=96&d=mm&r=g","height":96,"width":96}},"publisher":{"@type":"Organization","name":"cartrim.cz","logo":{"@type":"ImageObject","@id":"\/logo.png","url":"\/logo.png","width":600,"height":60}},"url":"https:\/\/www.cartrim.cz\/mame-vlastni-sklad-toneru\/","wordCount":193,"articleBody":"Toner je nezbytnou sou\u010d\u00e1st\u00ed ka\u017ed\u00e9 tisk\u00e1rny, bez n\u011bj nelze tisk\u00e1rnu provozovat a tisknout to, co pot\u0159ebujete. Jde toti\u017e o tiskov\u00fd prach, d\u00edky kter\u00e9mu je na pap\u00edr zv\u011b\u010dn\u011bno to, co po\u017eadujete. Pokud pot\u0159ebujete n\u00e1hradn\u00ed n\u00e1pl\u0148, pak jsme tou spr\u00e1vnou prodejnou, kde najdete to, co hled\u00e1te.Nab\u00edz\u00edme v\u00e1m \u0161irok\u00fd v\u00fdb\u011br, tak\u017ee mo\u017enosti m\u00e1te tak\u0159ka neomezen\u00e9 a nez\u00e1le\u017e\u00ed na tom, pro jak\u00fd druh tisk\u00e1rny toner pot\u0159ebujete koupit. M\u00e1me v\u0161e od zn\u00e1m\u00fdch typ\u016f a\u017e po ty m\u00e9n\u011b obvykl\u00e9, nesejde ani na tom, zda jde o dom\u00e1c\u00ed tisk\u00e1rnu nebo velk\u00fd p\u0159\u00edstroj pro firemn\u00ed \u00fa\u010dely.P\u0159\u00edslu\u0161enstv\u00edJe samoz\u0159ejmost\u00ed, \u017ee mimo toho, \u017ee u n\u00e1s se\u017eenete toner, kter\u00fd pro tisk pot\u0159ebujete, vyb\u00edrat m\u016f\u017eete tak\u00e9 z ostatn\u00edho p\u0159\u00edslu\u0161enstv\u00ed, kter\u00e9 je pro va\u0161i kancel\u00e1\u0159skou \u010dinnost nezbytn\u00e9. Pap\u00edr, CD, obaly, pouzdra a bra\u0161ny, p\u00e1sky a folie nebo jin\u00e9 pot\u0159eby pro administrativn\u00ed \u010dinnost, to v\u0161e u n\u00e1s naleznete.                                                                                                                                                                                                                                                                                                                                                                                                "},{"@context":"https:\/\/schema.org\/","@type":"BreadcrumbList","itemListElement":[{"@type":"ListItem","position":1,"name":"M\u00e1me vlastn\u00ed sklad toner\u016f","item":"https:\/\/www.cartrim.cz\/mame-vlastni-sklad-toneru\/#breadcrumbitem"}]}]