[{"@context":"https:\/\/schema.org\/","@type":"Article","@id":"https:\/\/www.cartrim.cz\/jsou-vhodne-hlavne-do-malych-bytu-avsak-nejen-tam\/#Article","mainEntityOfPage":"https:\/\/www.cartrim.cz\/jsou-vhodne-hlavne-do-malych-bytu-avsak-nejen-tam\/","headline":"Jsou vhodn\u00e9 hlavn\u011b do mal\u00fdch byt\u016f, av\u0161ak nejen tam","name":"Jsou vhodn\u00e9 hlavn\u011b do mal\u00fdch byt\u016f, av\u0161ak nejen tam","description":"Koupit si dnes kdysi standardn\u00ed t\u0159\u00ed pokojov\u00fd byt nen\u00ed ani zdaleka pro ka\u017ed\u00e9ho. Byt\u016f o t\u00e9to velikosti je toti\u017e m\u00e1lo, a proto podle toho tak\u00e9 stoj\u00ed. To je tak\u00e9 d\u016fvod, pro\u010d jsou mezi na\u0161inci st\u00e1le obl\u00edben\u011bj\u0161\u00ed men\u0161\u00ed byty, p\u0159\u00edpadn\u011b dokonce garsonky. Ov\u0161em i v t\u011bch se d\u00e1 docela slu\u0161n\u011b \u017e\u00edt, pokud je \u010dlov\u011bk nemus\u00ed sd\u00edlet...","datePublished":"2023-04-11","dateModified":"2023-04-11","author":{"@type":"Person","@id":"https:\/\/www.cartrim.cz\/author\/#Person","name":"","url":"https:\/\/www.cartrim.cz\/author\/","identifier":1,"image":{"@type":"ImageObject","@id":"https:\/\/secure.gravatar.com\/avatar\/53c590fdd1ec24ee297a15a00a0829b5191e9163e4cc5dbbee20ed40fcc30ad9?s=96&d=mm&r=g","url":"https:\/\/secure.gravatar.com\/avatar\/53c590fdd1ec24ee297a15a00a0829b5191e9163e4cc5dbbee20ed40fcc30ad9?s=96&d=mm&r=g","height":96,"width":96}},"publisher":{"@type":"Organization","name":"cartrim.cz","logo":{"@type":"ImageObject","@id":"\/logo.png","url":"\/logo.png","width":600,"height":60}},"image":{"@type":"ImageObject","@id":"https:\/\/www.cartrim.cz\/wp-content\/uploads\/%C5%A0aty.jpg","url":"https:\/\/www.cartrim.cz\/wp-content\/uploads\/%C5%A0aty.jpg","height":0,"width":0},"url":"https:\/\/www.cartrim.cz\/jsou-vhodne-hlavne-do-malych-bytu-avsak-nejen-tam\/","about":["Zbo\u017e\u00ed"],"wordCount":414,"articleBody":"   Koupit si dnes kdysi standardn\u00ed t\u0159\u00ed pokojov\u00fd byt nen\u00ed ani zdaleka pro ka\u017ed\u00e9ho. Byt\u016f o t\u00e9to velikosti je toti\u017e m\u00e1lo, a proto podle toho tak\u00e9 stoj\u00ed. To je tak\u00e9 d\u016fvod, pro\u010d jsou mezi na\u0161inci st\u00e1le obl\u00edben\u011bj\u0161\u00ed men\u0161\u00ed byty, p\u0159\u00edpadn\u011b dokonce garsonky. Ov\u0161em i v t\u011bch se d\u00e1 docela slu\u0161n\u011b \u017e\u00edt, pokud je \u010dlov\u011bk nemus\u00ed sd\u00edlet s dal\u0161\u00edmi p\u011bti lidmi. Aby ov\u0161em byly dostate\u010dn\u011b komfortn\u00ed, je fajn je trochu zv\u011bt\u0161it, alespo\u0148 opticky. K tomu se hod\u00ed velk\u00fd \u00faklid, kter\u00fd by m\u011bl odstranit v\u0161echny p\u0159ebyte\u010dn\u00e9 v\u011bci. To samo o sob\u011b v\u0161ak sta\u010dit nemus\u00ed. Velmi pom\u016f\u017ee i koup\u011b speci\u00e1ln\u00edho n\u00e1bytku, kter\u00fd m\u00edsto nejen\u017ee nezab\u00edr\u00e1, ale naopak ho \u0161et\u0159\u00ed.Tento druh n\u00e1bytku lid\u00e9 b\u011b\u017en\u011b znaj\u00ed pod n\u00e1zvem vestav\u011bn\u00e9 sk\u0159\u00edn\u011b https:\/\/www.sten-skrine.cz\/. Ty jsou velice \u0161ikovn\u00e9, a proto tak\u00e9 popul\u00e1rn\u00ed. B\u011b\u017en\u011b se v\u0161ak nepou\u017e\u00edvaj\u00ed pouze v dom\u00e1cnostech, ale z\u00e1rove\u0148 sv\u00e9 upot\u0159eben\u00ed najdou na mnoha pracovi\u0161t\u00edch typu kancel\u00e1\u0159sk\u00e9 prostory. Inu m\u00edsto nav\u00edc dok\u00e1\u017ee logicky ocenit v podstat\u011b ka\u017ed\u00fd.Nejv\u011bt\u0161\u00ed p\u0159ednost\u00ed vestav\u011bn\u00fdch sk\u0159\u00edn\u00ed je jejich schopnost fungovat ve zdech. Tam z logiky v\u011bci nikomu nemohou p\u0159ek\u00e1\u017eet, a d\u00edky t\u00e9to vlastnosti jsou vhodn\u00e9 prakticky do v\u0161ech m\u00edstnost\u00ed s omezen\u00fdch prostorem. Je mo\u017en\u00e9 je nainstalovat v\u00edcem\u00e9n\u011b kamkoliv, i do pokoj\u016f s nep\u0159\u00edli\u0161 standardn\u00edm tvarem st\u011bn. Vzhledem k tomu, \u017ee ka\u017ed\u00e1 vestav\u011bn\u00e1 sk\u0159\u00ed\u0148 je jin\u00e1, je pot\u0159eba si objednat takovou, kter\u00e1 nab\u00edz\u00ed minim\u00e1ln\u011b stejn\u00e9 penzum \u00falo\u017en\u00e9ho prostoru jako ta st\u00e1vaj\u00edc\u00ed. Pouze v takov\u00e9m p\u0159\u00edpad\u011b se bude jednat o plnohodnotnou v\u00fdm\u011bnu.Vestav\u011bn\u00e9 sk\u0159\u00edn\u011b se produkuj\u00ed v\u00fdhradn\u011b na zak\u00e1zku, a to z v\u00fd\u0161e uveden\u00fdch p\u0159\u00ed\u010din. Nejedn\u00e1 se ov\u0161em o chybu, n\u00fdbr\u017e naopak o klad. Sice jsou v\u011bci vyroben\u00e9 na m\u00edru obecn\u011b dra\u017e\u0161\u00ed, na druhou stranu si je m\u016f\u017ee z\u00e1kazn\u00edk nechat vytvo\u0159it zcela podle sv\u00fdch vlastn\u00edch p\u0159edstav. K tomuto \u00fa\u010delu slou\u017e\u00ed speci\u00e1ln\u00edho editory, ve kter\u00fd je mo\u017en\u00e9 vyrobit si nejprve virtu\u00e1ln\u00ed podobu nov\u00e9ho n\u00e1bytku a tu n\u00e1sledn\u011b nechat zhmotnit v d\u00edln\u011b.                                                                                                                                                                                                                                                                                                                                                                                          4.5\/5 - (8 votes)        "},{"@context":"https:\/\/schema.org\/","@type":"BreadcrumbList","itemListElement":[{"@type":"ListItem","position":1,"name":"Jsou vhodn\u00e9 hlavn\u011b do mal\u00fdch byt\u016f, av\u0161ak nejen tam","item":"https:\/\/www.cartrim.cz\/jsou-vhodne-hlavne-do-malych-bytu-avsak-nejen-tam\/#breadcrumbitem"}]}]